{"id":31003,"date":"2026-04-27T17:44:22","date_gmt":"2026-04-27T15:44:22","guid":{"rendered":"https:\/\/archiwum.radiopodlasie.pl\/NEW\/?p=31003"},"modified":"2026-05-01T17:44:45","modified_gmt":"2026-05-01T15:44:45","slug":"eastern-wind-i-puchar-podlasia-perlejewo-arena-sportow-walki","status":"publish","type":"post","link":"https:\/\/archiwum.radiopodlasie.pl\/NEW\/2026\/04\/27\/eastern-wind-i-puchar-podlasia-perlejewo-arena-sportow-walki\/","title":{"rendered":"Eastern Wind i Puchar Podlasia \u2013 Perlejewo aren\u0105 sport\u00f3w walki"},"content":{"rendered":"<p>Tytu\u0142<strong>: Eastern Wind i Puchar Podlasia \u2013 Perlejewo aren\u0105 sport\u00f3w walki<\/strong><\/p>\n<p>Autor: Agnieszka Bolewska-Iwaniuk<\/p>\n<p>Nazwa audycji: <strong><span style=\"color: #339966;\">Wywiady<\/span><\/strong><br \/>Data emisji: 27-04-2026<\/p>\n<p>To by\u0142o prawdziwe \u015bwi\u0119to sport\u00f3w walki. W Perlejewie rozegrano turnieje: Eastern Wind \u2013 Martial Arts Championships oraz Otwarty Puchar Podlasia.<br \/>Zawody odby\u0142y si\u0119 25 kwietnia 2026r w hali sportowej Szko\u0142y Podstawowej w Perlejewie i zgromadzi\u0142y zawodnik\u00f3w oraz kibic\u00f3w z ca\u0142ego regionu. Nie zabrak\u0142o r\u00f3wnie\u017c go\u015bci zza granicy.<br \/>G\u0142\u00f3wnymi organizatorami wydarzenia by\u0142y Akademia Sztuk Walki i Fitnessu ANDY oraz gmina Perlejewo. W przygotowanie turnieju zaanga\u017cowa\u0142y si\u0119 tak\u017ce inne samorz\u0105dy, instytucje i lokalne firmy. Wydarzenie odby\u0142o si\u0119 pod patronatem medialnym Katolickiego Radia Podlasie oraz portalu podlasie24.pl.<br \/>Z radiowym mikrofonem w Perlejewie by\u0142a Agnieszka Bolewska-Iwaniuk.<\/p>\n\n\n<figure class=\"wp-block-image size-full\"><img loading=\"lazy\" decoding=\"async\" width=\"1200\" height=\"800\" src=\"http:\/\/archiwum.radiopodlasie.pl\/NEW\/wp-content\/uploads\/2026\/05\/abol_25_Perlejewo-sporty-walki-19.jpg\" alt=\"\" class=\"wp-image-31006\" srcset=\"https:\/\/archiwum.radiopodlasie.pl\/NEW\/wp-content\/uploads\/2026\/05\/abol_25_Perlejewo-sporty-walki-19.jpg 1200w, https:\/\/archiwum.radiopodlasie.pl\/NEW\/wp-content\/uploads\/2026\/05\/abol_25_Perlejewo-sporty-walki-19-300x200.jpg 300w, https:\/\/archiwum.radiopodlasie.pl\/NEW\/wp-content\/uploads\/2026\/05\/abol_25_Perlejewo-sporty-walki-19-1024x683.jpg 1024w, https:\/\/archiwum.radiopodlasie.pl\/NEW\/wp-content\/uploads\/2026\/05\/abol_25_Perlejewo-sporty-walki-19-768x512.jpg 768w\" sizes=\"auto, (max-width: 1200px) 100vw, 1200px\" \/><\/figure>\n\n\n\n<figure class=\"wp-block-audio\"><audio controls src=\"https:\/\/dzwieki.radiopodlasie.pl:8789\/uploads\/2026\/04\/260427_abol_27_sportywalki_PP.mp3\"><\/audio><\/figure>\n\n\n\n<figure class=\"wp-block-image size-large\"><img loading=\"lazy\" decoding=\"async\" width=\"1024\" height=\"683\" src=\"http:\/\/archiwum.radiopodlasie.pl\/NEW\/wp-content\/uploads\/2026\/05\/abol_25_Perlejewo-sporty-walki-15-1024x683.jpg\" alt=\"\" class=\"wp-image-31005\" srcset=\"https:\/\/archiwum.radiopodlasie.pl\/NEW\/wp-content\/uploads\/2026\/05\/abol_25_Perlejewo-sporty-walki-15-1024x683.jpg 1024w, https:\/\/archiwum.radiopodlasie.pl\/NEW\/wp-content\/uploads\/2026\/05\/abol_25_Perlejewo-sporty-walki-15-300x200.jpg 300w, https:\/\/archiwum.radiopodlasie.pl\/NEW\/wp-content\/uploads\/2026\/05\/abol_25_Perlejewo-sporty-walki-15-768x512.jpg 768w, https:\/\/archiwum.radiopodlasie.pl\/NEW\/wp-content\/uploads\/2026\/05\/abol_25_Perlejewo-sporty-walki-15.jpg 1200w\" sizes=\"auto, (max-width: 1024px) 100vw, 1024px\" \/><\/figure>\n\n\n\n<figure class=\"wp-block-image size-large\"><img loading=\"lazy\" decoding=\"async\" width=\"1024\" height=\"683\" src=\"http:\/\/archiwum.radiopodlasie.pl\/NEW\/wp-content\/uploads\/2026\/05\/abol_25_Perlejewo-sporty-walki-21-1024x683.jpg\" alt=\"\" class=\"wp-image-31007\" srcset=\"https:\/\/archiwum.radiopodlasie.pl\/NEW\/wp-content\/uploads\/2026\/05\/abol_25_Perlejewo-sporty-walki-21-1024x683.jpg 1024w, https:\/\/archiwum.radiopodlasie.pl\/NEW\/wp-content\/uploads\/2026\/05\/abol_25_Perlejewo-sporty-walki-21-300x200.jpg 300w, https:\/\/archiwum.radiopodlasie.pl\/NEW\/wp-content\/uploads\/2026\/05\/abol_25_Perlejewo-sporty-walki-21-768x512.jpg 768w, https:\/\/archiwum.radiopodlasie.pl\/NEW\/wp-content\/uploads\/2026\/05\/abol_25_Perlejewo-sporty-walki-21.jpg 1200w\" sizes=\"auto, (max-width: 1024px) 100vw, 1024px\" \/><\/figure>\n\n\n\n<figure class=\"wp-block-image size-large\"><img loading=\"lazy\" decoding=\"async\" width=\"1024\" height=\"683\" src=\"http:\/\/archiwum.radiopodlasie.pl\/NEW\/wp-content\/uploads\/2026\/05\/abol_25_Perlejewo-sporty-walki-109-1024x683.jpg\" alt=\"\" class=\"wp-image-31008\" srcset=\"https:\/\/archiwum.radiopodlasie.pl\/NEW\/wp-content\/uploads\/2026\/05\/abol_25_Perlejewo-sporty-walki-109-1024x683.jpg 1024w, https:\/\/archiwum.radiopodlasie.pl\/NEW\/wp-content\/uploads\/2026\/05\/abol_25_Perlejewo-sporty-walki-109-300x200.jpg 300w, https:\/\/archiwum.radiopodlasie.pl\/NEW\/wp-content\/uploads\/2026\/05\/abol_25_Perlejewo-sporty-walki-109-768x512.jpg 768w, https:\/\/archiwum.radiopodlasie.pl\/NEW\/wp-content\/uploads\/2026\/05\/abol_25_Perlejewo-sporty-walki-109.jpg 1200w\" sizes=\"auto, (max-width: 1024px) 100vw, 1024px\" \/><\/figure>\n","protected":false},"excerpt":{"rendered":"<p>Tytu\u0142: Eastern Wind i Puchar Podlasia \u2013 Perlejewo aren\u0105 sport\u00f3w walki Autor: Agnieszka Bolewska-Iwaniuk Nazwa audycji: WywiadyData emisji: 27-04-2026 To by\u0142o prawdziwe \u015bwi\u0119to sport\u00f3w walki. W Perlejewie rozegrano turnieje: Eastern Wind \u2013 Martial Arts&#46;&#46;&#46;<\/p>\n","protected":false},"author":123459,"featured_media":31006,"comment_status":"open","ping_status":"open","sticky":false,"template":"","format":"standard","meta":{"om_disable_all_campaigns":false,"_monsterinsights_skip_tracking":false,"_monsterinsights_sitenote_active":false,"_monsterinsights_sitenote_note":"","_monsterinsights_sitenote_category":0,"footnotes":""},"categories":[360,320],"tags":[201,2107,4655],"class_list":["post-31003","post","type-post","status-publish","format-standard","has-post-thumbnail","hentry","category-agnieszka-bolewska-iwaniuk","category-wywiady","tag-agnieszka-bolewska-iwaniuk","tag-perlejewo","tag-sztuki-walki"],"aioseo_notices":[],"_links":{"self":[{"href":"https:\/\/archiwum.radiopodlasie.pl\/NEW\/wp-json\/wp\/v2\/posts\/31003","targetHints":{"allow":["GET"]}}],"collection":[{"href":"https:\/\/archiwum.radiopodlasie.pl\/NEW\/wp-json\/wp\/v2\/posts"}],"about":[{"href":"https:\/\/archiwum.radiopodlasie.pl\/NEW\/wp-json\/wp\/v2\/types\/post"}],"author":[{"embeddable":true,"href":"https:\/\/archiwum.radiopodlasie.pl\/NEW\/wp-json\/wp\/v2\/users\/123459"}],"replies":[{"embeddable":true,"href":"https:\/\/archiwum.radiopodlasie.pl\/NEW\/wp-json\/wp\/v2\/comments?post=31003"}],"version-history":[{"count":2,"href":"https:\/\/archiwum.radiopodlasie.pl\/NEW\/wp-json\/wp\/v2\/posts\/31003\/revisions"}],"predecessor-version":[{"id":31009,"href":"https:\/\/archiwum.radiopodlasie.pl\/NEW\/wp-json\/wp\/v2\/posts\/31003\/revisions\/31009"}],"wp:featuredmedia":[{"embeddable":true,"href":"https:\/\/archiwum.radiopodlasie.pl\/NEW\/wp-json\/wp\/v2\/media\/31006"}],"wp:attachment":[{"href":"https:\/\/archiwum.radiopodlasie.pl\/NEW\/wp-json\/wp\/v2\/media?parent=31003"}],"wp:term":[{"taxonomy":"category","embeddable":true,"href":"https:\/\/archiwum.radiopodlasie.pl\/NEW\/wp-json\/wp\/v2\/categories?post=31003"},{"taxonomy":"post_tag","embeddable":true,"href":"https:\/\/archiwum.radiopodlasie.pl\/NEW\/wp-json\/wp\/v2\/tags?post=31003"}],"curies":[{"name":"wp","href":"https:\/\/api.w.org\/{rel}","templated":true}]}}