{"id":32966,"date":"2026-09-05T14:55:00","date_gmt":"2026-09-05T12:55:00","guid":{"rendered":"https:\/\/archiwum.radiopodlasie.pl\/NEW\/?p=32966"},"modified":"2026-09-04T17:29:01","modified_gmt":"2026-09-04T15:29:01","slug":"zakonczenie-mok-summer-music-festival-2026-na-rockowo","status":"publish","type":"post","link":"https:\/\/archiwum.radiopodlasie.pl\/NEW\/2026\/09\/05\/zakonczenie-mok-summer-music-festival-2026-na-rockowo\/","title":{"rendered":"Zako\u0144czenie MOK Summer Music Festival 2026 na rockowo"},"content":{"rendered":"<p>Tytu\u0142: <strong>Zako\u0144czenie MOK Summer Music Festival 2026 na rockowo<\/strong><\/p>\n<p>Autor: Katarzyna Chaci\u0144ska<\/p>\n<p>Nazwa audycji: <strong><span style=\"color: #339966;\">Wywiady, Kultura na fali<\/span><\/strong><br \/>Data emisji: 05-09-2026<\/p>\n<p>Ostatni koncert w ramach MOK Summer Music Festival 2026 odby\u0142 si\u0119 w pi\u0105tek, 28 sierpnia <br \/>na Skwerze im. Konstantego Domaga\u0142y. Zwie\u0144czeniem letnich koncert\u00f3w by\u0142 wyst\u0119p zespo\u0142u Rock Menu.<\/p>\n<p>Zesp\u00f3\u0142 Rock Menu na ten wiecz\u00f3r postawi\u0142 na mocne i rockowe zako\u0144czenie festiwalu. Arty\u015bci zaprezentowali publiczno\u015bci zgromadzonej na Skwerze im. Konstantego Domaga\u0142y r\u00f3\u017cne odcienie znanych rockowych piosenek w autorskiej aran\u017cacji. Nie da si\u0119 ukry\u0107, \u017ce po\u0142\u0105czenie energii ka\u017cdego z artyst\u00f3w, wnios\u0142o w wydarzenie niepowtarzalny klimat muzyczny i du\u017c\u0105 dawk\u0119 pozytywnej energii, kt\u00f3r\u0105 zesp\u00f3\u0142 z ch\u0119ci\u0105 dzieli\u0142 si\u0119 z innymi.<\/p>\n<p>Katarzyna Chaci\u0144ska rozmawia\u0142a Tomaszem Radomyskiem , gitarzyst\u0105 z zespo\u0142u Rock Menu.<\/p>\n\n\n<figure class=\"wp-block-audio\"><audio controls src=\"https:\/\/dzwieki.radiopodlasie.pl:8789\/uploads\/2026\/09\/260905_kch_05_radomyski_moksummer_koncert.mp3\"><\/audio><\/figure>\n\n\n\n<p>Na scenie plenerowej pod fontann\u0105 wyst\u0105pili: Anna Maciejuk-Zbie\u0107 \u2013 wokal, Roman Kurkus \u2013 instrumenty klawiszowe, Stanis\u0142aw Biardzki \u2013 gitara basowa, Patryk Kami\u0144ski \u2013 gitara elektryczna, Tomasz Radomyski \u2013 gitara elektryczna oraz Maciej Lange \u2013 perkusja.<br>A kolejny cyklu koncert\u00f3w w ramach MOK Summer Music Festival dopiero w przysz\u0142ym roku 2027.<\/p>\n\n\n\n<p><\/p>\n","protected":false},"excerpt":{"rendered":"<p>Tytu\u0142: Zako\u0144czenie MOK Summer Music Festival 2026 na rockowo Autor: Katarzyna Chaci\u0144ska Nazwa audycji: Wywiady, Kultura na faliData emisji: 05-09-2026 Ostatni koncert w ramach MOK Summer Music Festival 2026 odby\u0142 si\u0119 w pi\u0105tek, 28&#46;&#46;&#46;<\/p>\n","protected":false},"author":123459,"featured_media":6622,"comment_status":"open","ping_status":"open","sticky":false,"template":"","format":"standard","meta":{"om_disable_all_campaigns":false,"_monsterinsights_skip_tracking":false,"footnotes":""},"categories":[3528,2596,320],"tags":[3712,977,4845,4846,3051],"class_list":["post-32966","post","type-post","status-publish","format-standard","has-post-thumbnail","hentry","category-katarzyna-chacinska","category-kultura-na-fali","category-wywiady","tag-katarzyna-chacinska","tag-mok-siedlce","tag-muzyka-rockowa","tag-rock-menu","tag-tomasz-radomyski"],"aioseo_notices":[],"_links":{"self":[{"href":"https:\/\/archiwum.radiopodlasie.pl\/NEW\/wp-json\/wp\/v2\/posts\/32966","targetHints":{"allow":["GET"]}}],"collection":[{"href":"https:\/\/archiwum.radiopodlasie.pl\/NEW\/wp-json\/wp\/v2\/posts"}],"about":[{"href":"https:\/\/archiwum.radiopodlasie.pl\/NEW\/wp-json\/wp\/v2\/types\/post"}],"author":[{"embeddable":true,"href":"https:\/\/archiwum.radiopodlasie.pl\/NEW\/wp-json\/wp\/v2\/users\/123459"}],"replies":[{"embeddable":true,"href":"https:\/\/archiwum.radiopodlasie.pl\/NEW\/wp-json\/wp\/v2\/comments?post=32966"}],"version-history":[{"count":2,"href":"https:\/\/archiwum.radiopodlasie.pl\/NEW\/wp-json\/wp\/v2\/posts\/32966\/revisions"}],"predecessor-version":[{"id":32968,"href":"https:\/\/archiwum.radiopodlasie.pl\/NEW\/wp-json\/wp\/v2\/posts\/32966\/revisions\/32968"}],"wp:featuredmedia":[{"embeddable":true,"href":"https:\/\/archiwum.radiopodlasie.pl\/NEW\/wp-json\/wp\/v2\/media\/6622"}],"wp:attachment":[{"href":"https:\/\/archiwum.radiopodlasie.pl\/NEW\/wp-json\/wp\/v2\/media?parent=32966"}],"wp:term":[{"taxonomy":"category","embeddable":true,"href":"https:\/\/archiwum.radiopodlasie.pl\/NEW\/wp-json\/wp\/v2\/categories?post=32966"},{"taxonomy":"post_tag","embeddable":true,"href":"https:\/\/archiwum.radiopodlasie.pl\/NEW\/wp-json\/wp\/v2\/tags?post=32966"}],"curies":[{"name":"wp","href":"https:\/\/api.w.org\/{rel}","templated":true}]}}