{"id":32989,"date":"2026-09-05T08:57:00","date_gmt":"2026-09-05T06:57:00","guid":{"rendered":"https:\/\/archiwum.radiopodlasie.pl\/NEW\/?p=32989"},"modified":"2026-09-05T10:59:04","modified_gmt":"2026-09-05T08:59:04","slug":"audycja-z-polszczyzna-na-ty-z-5-wrzesnia-2026","status":"publish","type":"post","link":"https:\/\/archiwum.radiopodlasie.pl\/NEW\/2026\/09\/05\/audycja-z-polszczyzna-na-ty-z-5-wrzesnia-2026\/","title":{"rendered":"Audycja &#8222;Z polszczyzn\u0105 na Ty&#8221; z 5 wrze\u015bnia 2026"},"content":{"rendered":"<p>Tytu\u0142: Audycja &#8222;Z polszczyzn\u0105 na Ty&#8221; z 5 wrze\u015bnia 2026<\/p>\n<p>Autor<strong>: Wies\u0142awa Kwiek<\/strong><\/p>\n<p>Nazwa audycji: <strong>Z polszczyzn\u0105 na Ty<\/strong><br \/>Data emisji: 05-09-2026<\/p>\n<p>J\u0119zyk polski nie powsta\u0142 wczoraj. Jego historia si\u0119ga setek lat, a \u015blady rozwoju naszej mowy znajdziemy w najstarszych zabytkach polskiego pi\u015bmiennictwa. Jak zmienia\u0142 si\u0119 j\u0119zyk polski? Kiedy zacz\u0119to zapisywa\u0107 polskie s\u0142owa i jakie teksty uznawane s\u0105 za najwa\u017cniejsze dla historii naszego j\u0119zyka? I sk\u0105d przekonanie, \u017ce polszczyzna nale\u017cy do jednych z najtrudniejszych j\u0119zyk\u00f3w \u015bwiata?<br \/>O historii j\u0119zyka polskiego, pocz\u0105tkach pi\u015bmiennictwa i o tym, jak przez wieki zmienia\u0142a si\u0119 nasza polszczyzna \u2013 w audycji \u201eZ polszczyzn\u0105 na Ty\u201d Wies\u0142awy Kwiek.<\/p>\n\n\n<figure class=\"wp-block-audio\"><audio controls src=\"https:\/\/dzwieki.radiopodlasie.pl:8789\/uploads\/2026\/09\/260905_pkry_z_polszczyzna_na_ty_0509.mp3\"><\/audio><\/figure>\n\n\n\n<p><\/p>\n","protected":false},"excerpt":{"rendered":"<p>Tytu\u0142: Audycja &#8222;Z polszczyzn\u0105 na Ty&#8221; z 5 wrze\u015bnia 2026 Autor: Wies\u0142awa Kwiek Nazwa audycji: Z polszczyzn\u0105 na TyData emisji: 05-09-2026 J\u0119zyk polski nie powsta\u0142 wczoraj. Jego historia si\u0119ga setek lat, a \u015blady rozwoju&#46;&#46;&#46;<\/p>\n","protected":false},"author":123459,"featured_media":26760,"comment_status":"open","ping_status":"open","sticky":false,"template":"","format":"standard","meta":{"om_disable_all_campaigns":false,"_monsterinsights_skip_tracking":false,"footnotes":""},"categories":[4139],"tags":[2701,4140],"class_list":["post-32989","post","type-post","status-publish","format-standard","has-post-thumbnail","hentry","category-z-polszczyzna-na-ty","tag-wieslawa-kwiek","tag-z-polszczyzna-na-ty"],"aioseo_notices":[],"_links":{"self":[{"href":"https:\/\/archiwum.radiopodlasie.pl\/NEW\/wp-json\/wp\/v2\/posts\/32989","targetHints":{"allow":["GET"]}}],"collection":[{"href":"https:\/\/archiwum.radiopodlasie.pl\/NEW\/wp-json\/wp\/v2\/posts"}],"about":[{"href":"https:\/\/archiwum.radiopodlasie.pl\/NEW\/wp-json\/wp\/v2\/types\/post"}],"author":[{"embeddable":true,"href":"https:\/\/archiwum.radiopodlasie.pl\/NEW\/wp-json\/wp\/v2\/users\/123459"}],"replies":[{"embeddable":true,"href":"https:\/\/archiwum.radiopodlasie.pl\/NEW\/wp-json\/wp\/v2\/comments?post=32989"}],"version-history":[{"count":1,"href":"https:\/\/archiwum.radiopodlasie.pl\/NEW\/wp-json\/wp\/v2\/posts\/32989\/revisions"}],"predecessor-version":[{"id":32990,"href":"https:\/\/archiwum.radiopodlasie.pl\/NEW\/wp-json\/wp\/v2\/posts\/32989\/revisions\/32990"}],"wp:featuredmedia":[{"embeddable":true,"href":"https:\/\/archiwum.radiopodlasie.pl\/NEW\/wp-json\/wp\/v2\/media\/26760"}],"wp:attachment":[{"href":"https:\/\/archiwum.radiopodlasie.pl\/NEW\/wp-json\/wp\/v2\/media?parent=32989"}],"wp:term":[{"taxonomy":"category","embeddable":true,"href":"https:\/\/archiwum.radiopodlasie.pl\/NEW\/wp-json\/wp\/v2\/categories?post=32989"},{"taxonomy":"post_tag","embeddable":true,"href":"https:\/\/archiwum.radiopodlasie.pl\/NEW\/wp-json\/wp\/v2\/tags?post=32989"}],"curies":[{"name":"wp","href":"https:\/\/api.w.org\/{rel}","templated":true}]}}