{"id":32991,"date":"2026-09-05T10:00:00","date_gmt":"2026-09-05T08:00:00","guid":{"rendered":"https:\/\/archiwum.radiopodlasie.pl\/NEW\/?p=32991"},"modified":"2026-09-05T11:24:26","modified_gmt":"2026-09-05T09:24:26","slug":"rozmowa-z-romanem-brochockim","status":"publish","type":"post","link":"https:\/\/archiwum.radiopodlasie.pl\/NEW\/2026\/09\/05\/rozmowa-z-romanem-brochockim\/","title":{"rendered":"Rozmowa z Romanem Brochockim"},"content":{"rendered":"<p>Tytu\u0142: <strong>Rozmowa z Romanem Brochockim<\/strong><\/p>\n<p>Autor: Pawe\u0142 Kryszczuk<\/p>\n<p>Nazwa audycji: <strong><span style=\"color: #339966;\">Wywiady, Go\u015b\u0107 Wolnej Soboty<\/span><\/strong><br \/>Data emisji: 05-09-2026<\/p>\n<p>W audycji \u201eGo\u015b\u0107 Wolnej Soboty\u201d spotkanie z Romanem Brochockim, soko\u0142owskim bardem, multiinstrumentalist\u0105, autorem piosenek i wierszy oraz edukatorem muzycznym. Rozmawiamy o jego muzycznej drodze, pierwszej harmonijce, fascynacji nietypowymi instrumentami, pracy z m\u0142odzie\u017c\u0105, \u201eSoko\u0142owianach\u201d, ligawce i tysi\u0105cach spotka\u0144 z publiczno\u015bci\u0105. B\u0119dzie tak\u017ce o Soko\u0142owie Podlaskim, pisaniu piosenek i o tym, sk\u0105d wzi\u0119\u0142o si\u0119 okre\u015blenie \u201esoko\u0142owski bard\u201d. Zapraszamy do wys\u0142uchania rozmowy.<\/p>\n\n\n<figure class=\"wp-block-image size-large\"><img loading=\"lazy\" decoding=\"async\" width=\"1024\" height=\"1024\" src=\"http:\/\/archiwum.radiopodlasie.pl\/NEW\/wp-content\/uploads\/2026\/09\/gws_0509-1024x1024.jpg\" alt=\"\" class=\"wp-image-32993\" srcset=\"https:\/\/archiwum.radiopodlasie.pl\/NEW\/wp-content\/uploads\/2026\/09\/gws_0509-1024x1024.jpg 1024w, https:\/\/archiwum.radiopodlasie.pl\/NEW\/wp-content\/uploads\/2026\/09\/gws_0509-300x300.jpg 300w, https:\/\/archiwum.radiopodlasie.pl\/NEW\/wp-content\/uploads\/2026\/09\/gws_0509-150x150.jpg 150w, https:\/\/archiwum.radiopodlasie.pl\/NEW\/wp-content\/uploads\/2026\/09\/gws_0509-768x768.jpg 768w, https:\/\/archiwum.radiopodlasie.pl\/NEW\/wp-content\/uploads\/2026\/09\/gws_0509-70x70.jpg 70w, https:\/\/archiwum.radiopodlasie.pl\/NEW\/wp-content\/uploads\/2026\/09\/gws_0509-80x80.jpg 80w, https:\/\/archiwum.radiopodlasie.pl\/NEW\/wp-content\/uploads\/2026\/09\/gws_0509-320x320.jpg 320w, https:\/\/archiwum.radiopodlasie.pl\/NEW\/wp-content\/uploads\/2026\/09\/gws_0509-250x250.jpg 250w, https:\/\/archiwum.radiopodlasie.pl\/NEW\/wp-content\/uploads\/2026\/09\/gws_0509.jpg 1254w\" sizes=\"auto, (max-width: 1024px) 100vw, 1024px\" \/><\/figure>\n\n\n\n<figure class=\"wp-block-audio\"><audio controls src=\"https:\/\/dzwieki.radiopodlasie.pl:8789\/uploads\/2026\/09\/260905_pkry_gws_brochocki.mp3\"><\/audio><\/figure>\n","protected":false},"excerpt":{"rendered":"<p>Tytu\u0142: Rozmowa z Romanem Brochockim Autor: Pawe\u0142 Kryszczuk Nazwa audycji: Wywiady, Go\u015b\u0107 Wolnej SobotyData emisji: 05-09-2026 W audycji \u201eGo\u015b\u0107 Wolnej Soboty\u201d spotkanie z Romanem Brochockim, soko\u0142owskim bardem, multiinstrumentalist\u0105, autorem piosenek i wierszy oraz edukatorem&#46;&#46;&#46;<\/p>\n","protected":false},"author":123459,"featured_media":6247,"comment_status":"open","ping_status":"open","sticky":false,"template":"","format":"standard","meta":{"om_disable_all_campaigns":false,"_monsterinsights_skip_tracking":false,"footnotes":""},"categories":[3536,567,320],"tags":[294,4850],"class_list":["post-32991","post","type-post","status-publish","format-standard","has-post-thumbnail","hentry","category-gosc-wolnej-soboty","category-pawel-kryszczuk","category-wywiady","tag-pawel-kryszczuk","tag-roman-brochocki"],"aioseo_notices":[],"_links":{"self":[{"href":"https:\/\/archiwum.radiopodlasie.pl\/NEW\/wp-json\/wp\/v2\/posts\/32991","targetHints":{"allow":["GET"]}}],"collection":[{"href":"https:\/\/archiwum.radiopodlasie.pl\/NEW\/wp-json\/wp\/v2\/posts"}],"about":[{"href":"https:\/\/archiwum.radiopodlasie.pl\/NEW\/wp-json\/wp\/v2\/types\/post"}],"author":[{"embeddable":true,"href":"https:\/\/archiwum.radiopodlasie.pl\/NEW\/wp-json\/wp\/v2\/users\/123459"}],"replies":[{"embeddable":true,"href":"https:\/\/archiwum.radiopodlasie.pl\/NEW\/wp-json\/wp\/v2\/comments?post=32991"}],"version-history":[{"count":2,"href":"https:\/\/archiwum.radiopodlasie.pl\/NEW\/wp-json\/wp\/v2\/posts\/32991\/revisions"}],"predecessor-version":[{"id":32994,"href":"https:\/\/archiwum.radiopodlasie.pl\/NEW\/wp-json\/wp\/v2\/posts\/32991\/revisions\/32994"}],"wp:featuredmedia":[{"embeddable":true,"href":"https:\/\/archiwum.radiopodlasie.pl\/NEW\/wp-json\/wp\/v2\/media\/6247"}],"wp:attachment":[{"href":"https:\/\/archiwum.radiopodlasie.pl\/NEW\/wp-json\/wp\/v2\/media?parent=32991"}],"wp:term":[{"taxonomy":"category","embeddable":true,"href":"https:\/\/archiwum.radiopodlasie.pl\/NEW\/wp-json\/wp\/v2\/categories?post=32991"},{"taxonomy":"post_tag","embeddable":true,"href":"https:\/\/archiwum.radiopodlasie.pl\/NEW\/wp-json\/wp\/v2\/tags?post=32991"}],"curies":[{"name":"wp","href":"https:\/\/api.w.org\/{rel}","templated":true}]}}