{"id":32999,"date":"2026-09-06T09:56:00","date_gmt":"2026-09-06T07:56:00","guid":{"rendered":"https:\/\/archiwum.radiopodlasie.pl\/NEW\/?p=32999"},"modified":"2026-09-05T12:59:07","modified_gmt":"2026-09-05T10:59:07","slug":"czytania-na-xxiii-niedziele-zwykla-5","status":"publish","type":"post","link":"https:\/\/archiwum.radiopodlasie.pl\/NEW\/2026\/09\/06\/czytania-na-xxiii-niedziele-zwykla-5\/","title":{"rendered":"Czytania na XXIII NIEDZIEL\u0118 ZWYK\u0141\u0104"},"content":{"rendered":"\n<p>Tytu\u0142<strong>: Czytania na XXIII NIEDZIEL\u0118 ZWYK\u0141\u0104<\/strong><\/p>\n\n\n\n<p>Autor: <strong>Joanna Kuczborska,<\/strong> ks. Przemys\u0142aw \u015awiderski<\/p>\n\n\n\n<p><strong><span style=\"color: #339966\">Nazwa audycji: Katolik w \u015bwiecie &#8211; instrukcja obs\u0142ugi<\/span><\/strong><\/p>\n\n\n\n<p><\/p>\n\n\n\n<p>Data emisji: 06-09-2026 r.<\/p>\n\n\n\n<p>Ez 33,7\u20139 Ps 95 Rz 13,8\u201310 Mt 18,15\u201320<br>\u201eCiebie, o synu cz\u0142owieczy, wyznaczy\u0142em na str\u00f3\u017ca domu Izraela po to, by\u015b s\u0142ysz\u0105c z mych ust napomnienia, przestrzega\u0142 ich w moim imieniu.<br>S\u0142ysz\u0105c g\u0142os Pana, serc nie zatwardzajcie.<br>\u201e(..) przykazania: \u00abNie cudzo\u0142\u00f3\u017c, nie zabijaj, nie kradnij, nie po\u017c\u0105daj\u00bb i wszystkie inne \u2013 streszczaj\u0105 si\u0119 w tym nakazie: \u00abMi\u0142uj bli\u017aniego swego jak siebie samego!\u00bb Mi\u0142o\u015b\u0107 nie wyrz\u0105dza z\u0142a bli\u017aniemu. Przeto mi\u0142o\u015b\u0107 jest doskona\u0142ym wype\u0142nieniem Prawa\u201d.<br>\u201eGdy brat tw\u00f3j zgrzeszy przeciw tobie, id\u017a i upomnij go w cztery oczy. Je\u015bli ci\u0119 us\u0142ucha, pozyskasz swego brata. Je\u015bli za\u015b nie us\u0142ucha, we\u017a z sob\u0105 jeszcze jednego albo dw\u00f3ch, (..) Je\u015bli i tych nie us\u0142ucha, donie\u015b Ko\u015bcio\u0142owi. A je\u015bli nawet Ko\u015bcio\u0142a nie us\u0142ucha, niech ci b\u0119dzie jak poganin i celnik.\u201d<\/p>\n\n\n\n<figure class=\"wp-block-audio\"><audio controls src=\"https:\/\/dzwieki.radiopodlasie.pl:8789\/uploads\/2026\/09\/260906_katolik_JK_xSwiderski.mp3\"><\/audio><\/figure>\n\n\n\n<p><\/p>\n","protected":false},"excerpt":{"rendered":"<p>Tytu\u0142: Czytania na XXIII NIEDZIEL\u0118 ZWYK\u0141\u0104 Autor: Joanna Kuczborska, ks. Przemys\u0142aw \u015awiderski Nazwa audycji: Katolik w \u015bwiecie &#8211; instrukcja obs\u0142ugi Data emisji: 06-09-2026 r. Ez 33,7\u20139 Ps 95 Rz 13,8\u201310 Mt 18,15\u201320\u201eCiebie, o synu&#46;&#46;&#46;<\/p>\n","protected":false},"author":123459,"featured_media":5933,"comment_status":"open","ping_status":"open","sticky":false,"template":"","format":"standard","meta":{"om_disable_all_campaigns":false,"_monsterinsights_skip_tracking":false,"footnotes":""},"categories":[1700],"tags":[1809,85],"class_list":["post-32999","post","type-post","status-publish","format-standard","has-post-thumbnail","hentry","category-katolik-w-swiecie-instrukcja-obslugi","tag-katolik","tag-niedziela"],"aioseo_notices":[],"_links":{"self":[{"href":"https:\/\/archiwum.radiopodlasie.pl\/NEW\/wp-json\/wp\/v2\/posts\/32999","targetHints":{"allow":["GET"]}}],"collection":[{"href":"https:\/\/archiwum.radiopodlasie.pl\/NEW\/wp-json\/wp\/v2\/posts"}],"about":[{"href":"https:\/\/archiwum.radiopodlasie.pl\/NEW\/wp-json\/wp\/v2\/types\/post"}],"author":[{"embeddable":true,"href":"https:\/\/archiwum.radiopodlasie.pl\/NEW\/wp-json\/wp\/v2\/users\/123459"}],"replies":[{"embeddable":true,"href":"https:\/\/archiwum.radiopodlasie.pl\/NEW\/wp-json\/wp\/v2\/comments?post=32999"}],"version-history":[{"count":1,"href":"https:\/\/archiwum.radiopodlasie.pl\/NEW\/wp-json\/wp\/v2\/posts\/32999\/revisions"}],"predecessor-version":[{"id":33000,"href":"https:\/\/archiwum.radiopodlasie.pl\/NEW\/wp-json\/wp\/v2\/posts\/32999\/revisions\/33000"}],"wp:featuredmedia":[{"embeddable":true,"href":"https:\/\/archiwum.radiopodlasie.pl\/NEW\/wp-json\/wp\/v2\/media\/5933"}],"wp:attachment":[{"href":"https:\/\/archiwum.radiopodlasie.pl\/NEW\/wp-json\/wp\/v2\/media?parent=32999"}],"wp:term":[{"taxonomy":"category","embeddable":true,"href":"https:\/\/archiwum.radiopodlasie.pl\/NEW\/wp-json\/wp\/v2\/categories?post=32999"},{"taxonomy":"post_tag","embeddable":true,"href":"https:\/\/archiwum.radiopodlasie.pl\/NEW\/wp-json\/wp\/v2\/tags?post=32999"}],"curies":[{"name":"wp","href":"https:\/\/api.w.org\/{rel}","templated":true}]}}