{"id":33003,"date":"2026-09-05T13:21:15","date_gmt":"2026-09-05T11:21:15","guid":{"rendered":"https:\/\/archiwum.radiopodlasie.pl\/NEW\/?p=33003"},"modified":"2026-09-05T13:21:16","modified_gmt":"2026-09-05T11:21:16","slug":"ogolnopolskie-otwarte-spotkanie-wojownikow-maryi-w-siedlcach-homilia","status":"publish","type":"post","link":"https:\/\/archiwum.radiopodlasie.pl\/NEW\/2026\/09\/05\/ogolnopolskie-otwarte-spotkanie-wojownikow-maryi-w-siedlcach-homilia\/","title":{"rendered":"Og\u00f3lnopolskie Otwarte Spotkanie Wojownik\u00f3w Maryi w Siedlcach. Homilia"},"content":{"rendered":"<p>Tytu\u0142: Og\u00f3lnopolskie Otwarte Spotkanie Wojownik\u00f3w Maryi w Siedlcach. Homilia<\/p>\n<p>Autor: Bp Kazimierz Gurda<\/p>\n<p>Nazwa audycji:<strong><span style=\"color: #339966;\"> Homilie<\/span><\/strong><br \/>Data emisji: 05-09-2026<\/p>\n<p>Kilka tysi\u0119cy m\u0119\u017cczyzn z ca\u0142ej Polski uczestniczy dzi\u015b (5 wrze\u015bnia) w Og\u00f3lnopolskim Otwartym Spotkaniu Wojownik\u00f3w Maryi w Siedlcach. Tegoroczne wydarzenie odbywa si\u0119 pod has\u0142em \u201eZrodzeni do wolno\u015bci\u201d.<br \/>Uczestnicy zjazdu przyjechali do Siedlec, aby wsp\u00f3lnie si\u0119 modli\u0107, uczestniczy\u0107 w Eucharystii oraz wys\u0142ucha\u0107 konferencji. G\u0142\u00f3wnym miejscem spotkania jest diecezjalne Sanktuarium \u015bw. J\u00f3zefa.<br \/>Wydarzenie rozpocz\u0119\u0142o si\u0119 na B\u0142oniach Papieskich, gdzie uczestnik\u00f3w powita\u0142 biskup siedlecki Kazimierz Gurda. Nast\u0119pnie Wojownicy Maryi, sympatycy ruchu oraz mieszka\u0144cy Siedlec wyruszyli w procesji r\u00f3\u017ca\u0144cowej ulicami miasta.<br \/>O godzinie 12:00 w Sanktuarium \u015bw. J\u00f3zefa sprawowana by\u0142a Eucharystia pod przewodnictwem biskupa siedleckiego Kazimierza Gurdy.<\/p>\n\n\n<figure class=\"wp-block-image size-large\"><img loading=\"lazy\" decoding=\"async\" width=\"1024\" height=\"580\" src=\"https:\/\/archiwum.radiopodlasie.pl\/NEW\/wp-content\/uploads\/2026\/09\/wojownicy_zdjecie-1024x580.jpg\" alt=\"\" class=\"wp-image-33005\" srcset=\"https:\/\/archiwum.radiopodlasie.pl\/NEW\/wp-content\/uploads\/2026\/09\/wojownicy_zdjecie-1024x580.jpg 1024w, https:\/\/archiwum.radiopodlasie.pl\/NEW\/wp-content\/uploads\/2026\/09\/wojownicy_zdjecie-300x170.jpg 300w, https:\/\/archiwum.radiopodlasie.pl\/NEW\/wp-content\/uploads\/2026\/09\/wojownicy_zdjecie-768x435.jpg 768w, https:\/\/archiwum.radiopodlasie.pl\/NEW\/wp-content\/uploads\/2026\/09\/wojownicy_zdjecie.jpg 1026w\" sizes=\"auto, (max-width: 1024px) 100vw, 1024px\" \/><\/figure>\n\n\n\n<figure class=\"wp-block-audio\"><audio controls src=\"https:\/\/dzwieki.radiopodlasie.pl:8789\/uploads\/2026\/09\/260905_wojownicy_maryi_spotkanie_homilia_bp_gurda.mp3\"><\/audio><\/figure>\n","protected":false},"excerpt":{"rendered":"<p>Tytu\u0142: Og\u00f3lnopolskie Otwarte Spotkanie Wojownik\u00f3w Maryi w Siedlcach. Homilia Autor: Bp Kazimierz Gurda Nazwa audycji: HomilieData emisji: 05-09-2026 Kilka tysi\u0119cy m\u0119\u017cczyzn z ca\u0142ej Polski uczestniczy dzi\u015b (5 wrze\u015bnia) w Og\u00f3lnopolskim Otwartym Spotkaniu Wojownik\u00f3w Maryi&#46;&#46;&#46;<\/p>\n","protected":false},"author":123459,"featured_media":33004,"comment_status":"open","ping_status":"open","sticky":false,"template":"","format":"standard","meta":{"om_disable_all_campaigns":false,"_monsterinsights_skip_tracking":false,"footnotes":""},"categories":[334],"tags":[71,694],"class_list":["post-33003","post","type-post","status-publish","format-standard","has-post-thumbnail","hentry","category-homilie","tag-homilia","tag-kosciol"],"aioseo_notices":[],"_links":{"self":[{"href":"https:\/\/archiwum.radiopodlasie.pl\/NEW\/wp-json\/wp\/v2\/posts\/33003","targetHints":{"allow":["GET"]}}],"collection":[{"href":"https:\/\/archiwum.radiopodlasie.pl\/NEW\/wp-json\/wp\/v2\/posts"}],"about":[{"href":"https:\/\/archiwum.radiopodlasie.pl\/NEW\/wp-json\/wp\/v2\/types\/post"}],"author":[{"embeddable":true,"href":"https:\/\/archiwum.radiopodlasie.pl\/NEW\/wp-json\/wp\/v2\/users\/123459"}],"replies":[{"embeddable":true,"href":"https:\/\/archiwum.radiopodlasie.pl\/NEW\/wp-json\/wp\/v2\/comments?post=33003"}],"version-history":[{"count":1,"href":"https:\/\/archiwum.radiopodlasie.pl\/NEW\/wp-json\/wp\/v2\/posts\/33003\/revisions"}],"predecessor-version":[{"id":33006,"href":"https:\/\/archiwum.radiopodlasie.pl\/NEW\/wp-json\/wp\/v2\/posts\/33003\/revisions\/33006"}],"wp:featuredmedia":[{"embeddable":true,"href":"https:\/\/archiwum.radiopodlasie.pl\/NEW\/wp-json\/wp\/v2\/media\/33004"}],"wp:attachment":[{"href":"https:\/\/archiwum.radiopodlasie.pl\/NEW\/wp-json\/wp\/v2\/media?parent=33003"}],"wp:term":[{"taxonomy":"category","embeddable":true,"href":"https:\/\/archiwum.radiopodlasie.pl\/NEW\/wp-json\/wp\/v2\/categories?post=33003"},{"taxonomy":"post_tag","embeddable":true,"href":"https:\/\/archiwum.radiopodlasie.pl\/NEW\/wp-json\/wp\/v2\/tags?post=33003"}],"curies":[{"name":"wp","href":"https:\/\/api.w.org\/{rel}","templated":true}]}}