{"id":347,"date":"2017-11-22T15:05:43","date_gmt":"2017-11-22T14:05:43","guid":{"rendered":"http:\/\/archiwum.radiopodlasie.pl\/NEW\/?p=347"},"modified":"2020-02-11T11:52:23","modified_gmt":"2020-02-11T10:52:23","slug":"grupa-liturgiczna-proklamacja-slowa-bozego","status":"publish","type":"post","link":"https:\/\/archiwum.radiopodlasie.pl\/NEW\/2017\/11\/22\/grupa-liturgiczna-proklamacja-slowa-bozego\/","title":{"rendered":"Grupa Liturgiczna. Proklamacja S\u0142owa Bo\u017cego"},"content":{"rendered":"<p>Tytu\u0142: <strong><em><span style=\"color: #008000;\">Grupa Liturgiczna. Proklamacja S\u0142owa Bo\u017cego <\/span><\/em><\/strong><br \/>\nAutor:<strong> ks. Szczepan Litwiniuk <\/strong><br \/>\nNazwa audycji: <strong><span style=\"color: #339966;\"> Czarno na bia\u0142ym<\/span><\/strong><br \/>\nData emisji: 22-11-2017<\/p>\n<p>W studiu go\u015bcili przedstawiciele parafii Naj\u015bwi\u0119tszej Maryi Panny Matki Ko\u015bcio\u0142a w \u0141ukowie.<\/p>\n","protected":false},"excerpt":{"rendered":"<p>Tytu\u0142: Grupa Liturgiczna. Proklamacja S\u0142owa Bo\u017cego Autor: ks. Szczepan Litwiniuk Nazwa audycji: Czarno na bia\u0142ym Data emisji: 22-11-2017 W studiu go\u015bcili przedstawiciele parafii Naj\u015bwi\u0119tszej Maryi Panny Matki Ko\u015bcio\u0142a w \u0141ukowie.<\/p>\n","protected":false},"author":1,"featured_media":6448,"comment_status":"open","ping_status":"open","sticky":false,"template":"","format":"audio","meta":{"om_disable_all_campaigns":false,"_monsterinsights_skip_tracking":false,"_monsterinsights_sitenote_active":false,"_monsterinsights_sitenote_note":"","_monsterinsights_sitenote_category":0,"footnotes":""},"categories":[327,390],"tags":[55,395,396,397],"class_list":["post-347","post","type-post","status-publish","format-audio","has-post-thumbnail","hentry","category-czarno-na-bialym","category-ruchy-i-stowarzyszenia-dzialajace-na-terenie-diecezji-siedleckiej","tag-czarno-na-bialym","tag-grupa-liturgiczna","tag-ks-szczepan-litwiniuk","tag-ruchy-i-stowarzyszenia","post_format-post-format-audio"],"aioseo_notices":[],"_links":{"self":[{"href":"https:\/\/archiwum.radiopodlasie.pl\/NEW\/wp-json\/wp\/v2\/posts\/347","targetHints":{"allow":["GET"]}}],"collection":[{"href":"https:\/\/archiwum.radiopodlasie.pl\/NEW\/wp-json\/wp\/v2\/posts"}],"about":[{"href":"https:\/\/archiwum.radiopodlasie.pl\/NEW\/wp-json\/wp\/v2\/types\/post"}],"author":[{"embeddable":true,"href":"https:\/\/archiwum.radiopodlasie.pl\/NEW\/wp-json\/wp\/v2\/users\/1"}],"replies":[{"embeddable":true,"href":"https:\/\/archiwum.radiopodlasie.pl\/NEW\/wp-json\/wp\/v2\/comments?post=347"}],"version-history":[{"count":1,"href":"https:\/\/archiwum.radiopodlasie.pl\/NEW\/wp-json\/wp\/v2\/posts\/347\/revisions"}],"predecessor-version":[{"id":6948,"href":"https:\/\/archiwum.radiopodlasie.pl\/NEW\/wp-json\/wp\/v2\/posts\/347\/revisions\/6948"}],"wp:featuredmedia":[{"embeddable":true,"href":"https:\/\/archiwum.radiopodlasie.pl\/NEW\/wp-json\/wp\/v2\/media\/6448"}],"wp:attachment":[{"href":"https:\/\/archiwum.radiopodlasie.pl\/NEW\/wp-json\/wp\/v2\/media?parent=347"}],"wp:term":[{"taxonomy":"category","embeddable":true,"href":"https:\/\/archiwum.radiopodlasie.pl\/NEW\/wp-json\/wp\/v2\/categories?post=347"},{"taxonomy":"post_tag","embeddable":true,"href":"https:\/\/archiwum.radiopodlasie.pl\/NEW\/wp-json\/wp\/v2\/tags?post=347"}],"curies":[{"name":"wp","href":"https:\/\/api.w.org\/{rel}","templated":true}]}}