{"id":5812,"date":"2019-12-30T12:48:00","date_gmt":"2019-12-30T11:48:00","guid":{"rendered":"http:\/\/archiwum.radiopodlasie.pl\/NEW\/?p=5812"},"modified":"2020-01-09T14:43:22","modified_gmt":"2020-01-09T13:43:22","slug":"paulina-uwolnieni-2019","status":"publish","type":"post","link":"https:\/\/archiwum.radiopodlasie.pl\/NEW\/2019\/12\/30\/paulina-uwolnieni-2019\/","title":{"rendered":"Norbert &#8211; UWOLNIENI 2019"},"content":{"rendered":"<p>Tytu\u0142:<strong><em><span style=\"color: #008000;\"> Norbert &#8211; UWOLNIENI 2019<\/span><\/em><\/strong><br \/>\nAutor:<strong> Projekt UWOLNIENI 2019 <\/strong><br \/>\nNazwa audycji: <strong><span style=\"color: #339966;\">wywiad<\/span><\/strong><br \/>\nData emisji: 30-12-2019<\/p>\n<p>W wieku 16 lat ju\u017c by\u0142 na\u0142ogowym palaczem. Skierowano go do Pogotowia Opieku\u0144czego. Zacz\u0119\u0142a si\u0119 agresja, przemoc, uzale\u017cnienie od alkoholu. Znalaz\u0142 martwego brata w domu. To spowodowa\u0142o, \u017ce zacz\u0105\u0142 si\u0119 leczy\u0107. Po 8 miesi\u0105cach odszed\u0142 z o\u015brodka z powodu braku rezultat\u00f3w. Rzeczywisto\u015b\u0107 okaza\u0142a si\u0119 zbyt szara na trze\u017awo, wi\u0119c zacz\u0105\u0142 pali\u0107 marihuan\u0119. Straci\u0142 prac\u0119, na nowo rozpocz\u0105\u0142 leczenie. Skutecznie. Urodzi\u0142a mu si\u0119 c\u00f3rka. Zacz\u0105\u0142 podnosi\u0107 kwalifikacje zawodowe. Zrobi\u0142 wszystkie kategorie prawa jazdy. Trenowa\u0142 sporty ekstremalne. Wtedy wydarzy\u0142 si\u0119 wypadek. Spad\u0142 z 14 metr\u00f3w na beton. Wr\u00f3ci\u0142 do marihuany, bo u\u015bmierza\u0142a b\u00f3l. Zosta\u0142 z\u0142apany pod wp\u0142ywem narkotyk\u00f3w w aucie. Zabrano mu prawa jazdy. Wpad\u0142 w alkoholizm. Czy Norbertowi uda\u0142o si\u0119 znowu wej\u015b\u0107 na dobr\u0105 drog\u0119?<\/p>\n<p>Wsp\u00f3\u0142finansowano ze \u015brodk\u00f3w Funduszu Sprawiedliwo\u015bci, kt\u00f3rego dysponentem jest Minister Sprawiedliwo\u015bci.<\/p>\n","protected":false},"excerpt":{"rendered":"<p>Tytu\u0142: Norbert &#8211; UWOLNIENI 2019 Autor: Projekt UWOLNIENI 2019 Nazwa audycji: wywiad Data emisji: 30-12-2019 W wieku 16 lat ju\u017c by\u0142 na\u0142ogowym palaczem. Skierowano go do Pogotowia Opieku\u0144czego. Zacz\u0119\u0142a si\u0119 agresja, przemoc, uzale\u017cnienie od&#46;&#46;&#46;<\/p>\n","protected":false},"author":1,"featured_media":6029,"comment_status":"open","ping_status":"open","sticky":false,"template":"","format":"audio","meta":{"om_disable_all_campaigns":false,"_monsterinsights_skip_tracking":false,"_monsterinsights_sitenote_active":false,"_monsterinsights_sitenote_note":"","_monsterinsights_sitenote_category":0,"footnotes":""},"categories":[2399],"tags":[2403,2401],"class_list":["post-5812","post","type-post","status-publish","format-audio","has-post-thumbnail","hentry","category-uwolnieni-2019","tag-norbert","tag-uwolnieni-2019","post_format-post-format-audio"],"aioseo_notices":[],"_links":{"self":[{"href":"https:\/\/archiwum.radiopodlasie.pl\/NEW\/wp-json\/wp\/v2\/posts\/5812","targetHints":{"allow":["GET"]}}],"collection":[{"href":"https:\/\/archiwum.radiopodlasie.pl\/NEW\/wp-json\/wp\/v2\/posts"}],"about":[{"href":"https:\/\/archiwum.radiopodlasie.pl\/NEW\/wp-json\/wp\/v2\/types\/post"}],"author":[{"embeddable":true,"href":"https:\/\/archiwum.radiopodlasie.pl\/NEW\/wp-json\/wp\/v2\/users\/1"}],"replies":[{"embeddable":true,"href":"https:\/\/archiwum.radiopodlasie.pl\/NEW\/wp-json\/wp\/v2\/comments?post=5812"}],"version-history":[{"count":4,"href":"https:\/\/archiwum.radiopodlasie.pl\/NEW\/wp-json\/wp\/v2\/posts\/5812\/revisions"}],"predecessor-version":[{"id":6297,"href":"https:\/\/archiwum.radiopodlasie.pl\/NEW\/wp-json\/wp\/v2\/posts\/5812\/revisions\/6297"}],"wp:featuredmedia":[{"embeddable":true,"href":"https:\/\/archiwum.radiopodlasie.pl\/NEW\/wp-json\/wp\/v2\/media\/6029"}],"wp:attachment":[{"href":"https:\/\/archiwum.radiopodlasie.pl\/NEW\/wp-json\/wp\/v2\/media?parent=5812"}],"wp:term":[{"taxonomy":"category","embeddable":true,"href":"https:\/\/archiwum.radiopodlasie.pl\/NEW\/wp-json\/wp\/v2\/categories?post=5812"},{"taxonomy":"post_tag","embeddable":true,"href":"https:\/\/archiwum.radiopodlasie.pl\/NEW\/wp-json\/wp\/v2\/tags?post=5812"}],"curies":[{"name":"wp","href":"https:\/\/api.w.org\/{rel}","templated":true}]}}